{"id":3851,"date":"2024-07-30T18:02:22","date_gmt":"2024-07-30T18:02:22","guid":{"rendered":"https:\/\/gradskimuzejnovalja.hr\/exhibitions-at-the-city-museum-of-novalja-and-the-era-gallery-summer-2024\/"},"modified":"2024-07-30T20:14:50","modified_gmt":"2024-07-30T20:14:50","slug":"exhibitions-at-the-city-museum-of-novalja-and-the-era-gallery-summer-2024","status":"publish","type":"post","link":"https:\/\/gradskimuzejnovalja.hr\/en\/exhibitions-at-the-city-museum-of-novalja-and-the-era-gallery-summer-2024\/","title":{"rendered":"Exhibitions at the City Museum of Novalja and the Era Gallery, summer 2024."},"content":{"rendered":"\t\t<div data-elementor-type=\"wp-post\" data-elementor-id=\"3851\" class=\"elementor elementor-3851 elementor-3761\">\n\t\t\t\t\t\t<section class=\"elementor-section elementor-top-section elementor-element elementor-element-hd2exg9 elementor-section-content-middle elementor-section-boxed elementor-section-height-default elementor-section-height-default\" data-id=\"hd2exg9\" data-element_type=\"section\" data-e-type=\"section\" data-settings=\"{&quot;background_background&quot;:&quot;classic&quot;}\">\n\t\t\t\t\t\t\t<div class=\"elementor-background-overlay\"><\/div>\n\t\t\t\t\t\t\t<div class=\"elementor-container elementor-column-gap-no\">\n\t\t\t\t\t<div class=\"elementor-column elementor-col-100 elementor-top-column elementor-element elementor-element-ed27561\" data-id=\"ed27561\" data-element_type=\"column\" data-e-type=\"column\">\n\t\t\t<div class=\"elementor-widget-wrap elementor-element-populated\">\n\t\t\t\t\t\t<div class=\"elementor-element elementor-element-e8447ed elementor-position-top elementor-widget elementor-widget-image-box\" data-id=\"e8447ed\" data-element_type=\"widget\" data-e-type=\"widget\" data-widget_type=\"image-box.default\">\n\t\t\t\t<div class=\"elementor-widget-container\">\n\t\t\t\t\t<div class=\"elementor-image-box-wrapper\"><figure class=\"elementor-image-box-img\"><img decoding=\"async\" src=\"https:\/\/gradskimuzejnovalja.hr\/wp-content\/uploads\/elementor\/thumbs\/bad-qrvuk8pr900vcgu09qowfd1h2i4bnrh9aw7dcdhyn4.jpg\" title=\"bad\" alt=\"Klara Badurina\" loading=\"lazy\" \/><\/figure><div class=\"elementor-image-box-content\"><h2 class=\"elementor-image-box-title\">Exhibition at the City Museum of Novalja<\/h2><\/div><\/div>\t\t\t\t<\/div>\n\t\t\t\t<\/div>\n\t\t\t\t<div class=\"elementor-element elementor-element-352a098 elementor-widget elementor-widget-heading\" data-id=\"352a098\" data-element_type=\"widget\" data-e-type=\"widget\" data-widget_type=\"heading.default\">\n\t\t\t\t<div class=\"elementor-widget-container\">\n\t\t\t\t\t<h4 class=\"elementor-heading-title elementor-size-default\">6. 8. - 6. 9. 2024<\/h4>\t\t\t\t<\/div>\n\t\t\t\t<\/div>\n\t\t\t\t<div class=\"elementor-element elementor-element-dd0cdf0 elementor-widget elementor-widget-text-editor\" data-id=\"dd0cdf0\" data-element_type=\"widget\" data-e-type=\"widget\" data-widget_type=\"text-editor.default\">\n\t\t\t\t<div class=\"elementor-widget-container\">\n\t\t\t\t\t\t\t\t\t<p><strong>Klara Badurina &#8211; Dudi\u0107<\/strong><br \/>Gospoja<br \/>Exhibition<\/p>\n\t\t\t\t\t\t\t\t<\/div>\n\t\t\t\t<\/div>\n\t\t\t\t<div class=\"elementor-element elementor-element-0de0b76 elementor-widget-divider--view-line elementor-widget elementor-widget-divider\" data-id=\"0de0b76\" data-element_type=\"widget\" data-e-type=\"widget\" data-widget_type=\"divider.default\">\n\t\t\t\t<div class=\"elementor-widget-container\">\n\t\t\t\t\t\t\t<div class=\"elementor-divider\">\n\t\t\t<span class=\"elementor-divider-separator\">\n\t\t\t\t\t\t<\/span>\n\t\t<\/div>\n\t\t\t\t\t\t<\/div>\n\t\t\t\t<\/div>\n\t\t\t\t<div class=\"elementor-element elementor-element-558dc5f elementor-position-top elementor-widget elementor-widget-image-box\" data-id=\"558dc5f\" data-element_type=\"widget\" data-e-type=\"widget\" data-widget_type=\"image-box.default\">\n\t\t\t\t<div class=\"elementor-widget-container\">\n\t\t\t\t\t<div class=\"elementor-image-box-wrapper\"><figure class=\"elementor-image-box-img\"><img decoding=\"async\" src=\"https:\/\/gradskimuzejnovalja.hr\/wp-content\/uploads\/elementor\/thumbs\/galerija-era-1-qrvtfm4vusepj7uhi6henm48qyd6yq6x1t3ultqjkw.jpg\" title=\"galerija-era\" alt=\"Galerija Era\" loading=\"lazy\" \/><\/figure><div class=\"elementor-image-box-content\"><h2 class=\"elementor-image-box-title\">Exhibition in Galerija Era<\/h2><\/div><\/div>\t\t\t\t<\/div>\n\t\t\t\t<\/div>\n\t\t\t\t<div class=\"elementor-element elementor-element-181f0fe elementor-widget elementor-widget-heading\" data-id=\"181f0fe\" data-element_type=\"widget\" data-e-type=\"widget\" data-widget_type=\"heading.default\">\n\t\t\t\t<div class=\"elementor-widget-container\">\n\t\t\t\t\t<h4 class=\"elementor-heading-title elementor-size-default\">I.EXHIBITION<br>20. 5. - 7. 6. 2024   <\/h4>\t\t\t\t<\/div>\n\t\t\t\t<\/div>\n\t\t\t\t<div class=\"elementor-element elementor-element-1fa61b5 elementor-widget elementor-widget-text-editor\" data-id=\"1fa61b5\" data-element_type=\"widget\" data-e-type=\"widget\" data-widget_type=\"text-editor.default\">\n\t\t\t\t<div class=\"elementor-widget-container\">\n\t\t\t\t\t\t\t\t\t<p><strong>Drawings \u2013 Dominik Kunkera<\/strong><br \/>with text by Anton \u0160ulji\u0107 Bo\u0161kinac<br \/><span style=\"font-style: inherit; font-weight: inherit; color: var(--ast-global-color-3);\">A selection of images from the Gallery&#8217;s holdings<\/span><\/p>\n\t\t\t\t\t\t\t\t<\/div>\n\t\t\t\t<\/div>\n\t\t\t\t<div class=\"elementor-element elementor-element-4c5c1fa elementor-widget-divider--view-line elementor-widget elementor-widget-divider\" data-id=\"4c5c1fa\" data-element_type=\"widget\" data-e-type=\"widget\" data-widget_type=\"divider.default\">\n\t\t\t\t<div class=\"elementor-widget-container\">\n\t\t\t\t\t\t\t<div class=\"elementor-divider\">\n\t\t\t<span class=\"elementor-divider-separator\">\n\t\t\t\t\t\t<\/span>\n\t\t<\/div>\n\t\t\t\t\t\t<\/div>\n\t\t\t\t<\/div>\n\t\t\t\t<div class=\"elementor-element elementor-element-11abb4c elementor-widget elementor-widget-heading\" data-id=\"11abb4c\" data-element_type=\"widget\" data-e-type=\"widget\" data-widget_type=\"heading.default\">\n\t\t\t\t<div class=\"elementor-widget-container\">\n\t\t\t\t\t<h4 class=\"elementor-heading-title elementor-size-default\">II. EXHIBITION<br>10. 6. - 5. 7. 2024    <\/h4>\t\t\t\t<\/div>\n\t\t\t\t<\/div>\n\t\t\t\t<div class=\"elementor-element elementor-element-80b7c53 elementor-widget elementor-widget-text-editor\" data-id=\"80b7c53\" data-element_type=\"widget\" data-e-type=\"widget\" data-widget_type=\"text-editor.default\">\n\t\t\t\t<div class=\"elementor-widget-container\">\n\t\t\t\t\t\t\t\t\t<p><strong>Dominik \u0160kunca<\/strong><br \/>Graphics<\/p>\n\t\t\t\t\t\t\t\t<\/div>\n\t\t\t\t<\/div>\n\t\t\t\t<div class=\"elementor-element elementor-element-7436c4c elementor-widget-divider--view-line elementor-widget elementor-widget-divider\" data-id=\"7436c4c\" data-element_type=\"widget\" data-e-type=\"widget\" data-widget_type=\"divider.default\">\n\t\t\t\t<div class=\"elementor-widget-container\">\n\t\t\t\t\t\t\t<div class=\"elementor-divider\">\n\t\t\t<span class=\"elementor-divider-separator\">\n\t\t\t\t\t\t<\/span>\n\t\t<\/div>\n\t\t\t\t\t\t<\/div>\n\t\t\t\t<\/div>\n\t\t\t\t<div class=\"elementor-element elementor-element-5cf8709 elementor-widget elementor-widget-heading\" data-id=\"5cf8709\" data-element_type=\"widget\" data-e-type=\"widget\" data-widget_type=\"heading.default\">\n\t\t\t\t<div class=\"elementor-widget-container\">\n\t\t\t\t\t<h4 class=\"elementor-heading-title elementor-size-default\">III. EXHIBITION<br>10. 7. - 28. 7. 2024    <\/h4>\t\t\t\t<\/div>\n\t\t\t\t<\/div>\n\t\t\t\t<div class=\"elementor-element elementor-element-94ed20f elementor-widget elementor-widget-text-editor\" data-id=\"94ed20f\" data-element_type=\"widget\" data-e-type=\"widget\" data-widget_type=\"text-editor.default\">\n\t\t\t\t<div class=\"elementor-widget-container\">\n\t\t\t\t\t\t\t\t\t<p><strong>Night shines like day<br \/><\/strong><br \/>Exhibition of two authors<br \/>Dinko Klasan and Ivan Car<\/p>\n\t\t\t\t\t\t\t\t<\/div>\n\t\t\t\t<\/div>\n\t\t\t\t<div class=\"elementor-element elementor-element-38d8d2b elementor-widget-divider--view-line elementor-widget elementor-widget-divider\" data-id=\"38d8d2b\" data-element_type=\"widget\" data-e-type=\"widget\" data-widget_type=\"divider.default\">\n\t\t\t\t<div class=\"elementor-widget-container\">\n\t\t\t\t\t\t\t<div class=\"elementor-divider\">\n\t\t\t<span class=\"elementor-divider-separator\">\n\t\t\t\t\t\t<\/span>\n\t\t<\/div>\n\t\t\t\t\t\t<\/div>\n\t\t\t\t<\/div>\n\t\t\t\t<div class=\"elementor-element elementor-element-1edefad elementor-widget elementor-widget-heading\" data-id=\"1edefad\" data-element_type=\"widget\" data-e-type=\"widget\" data-widget_type=\"heading.default\">\n\t\t\t\t<div class=\"elementor-widget-container\">\n\t\t\t\t\t<h4 class=\"elementor-heading-title elementor-size-default\">IV. EXHIBITION<br>2. 8. - 24. 8. 2024    <\/h4>\t\t\t\t<\/div>\n\t\t\t\t<\/div>\n\t\t\t\t<div class=\"elementor-element elementor-element-8f2d213 elementor-widget elementor-widget-text-editor\" data-id=\"8f2d213\" data-element_type=\"widget\" data-e-type=\"widget\" data-widget_type=\"text-editor.default\">\n\t\t\t\t<div class=\"elementor-widget-container\">\n\t\t\t\t\t\t\t\t\t<p><strong>Colors of the island<br \/><\/strong>Exhibition of paintings<br \/>Mario Dabo<\/p>\n\t\t\t\t\t\t\t\t<\/div>\n\t\t\t\t<\/div>\n\t\t\t\t<div class=\"elementor-element elementor-element-b8fbaaf elementor-widget-divider--view-line elementor-widget elementor-widget-divider\" data-id=\"b8fbaaf\" data-element_type=\"widget\" data-e-type=\"widget\" data-widget_type=\"divider.default\">\n\t\t\t\t<div class=\"elementor-widget-container\">\n\t\t\t\t\t\t\t<div class=\"elementor-divider\">\n\t\t\t<span class=\"elementor-divider-separator\">\n\t\t\t\t\t\t<\/span>\n\t\t<\/div>\n\t\t\t\t\t\t<\/div>\n\t\t\t\t<\/div>\n\t\t\t\t<div class=\"elementor-element elementor-element-a184393 elementor-widget elementor-widget-heading\" data-id=\"a184393\" data-element_type=\"widget\" data-e-type=\"widget\" data-widget_type=\"heading.default\">\n\t\t\t\t<div class=\"elementor-widget-container\">\n\t\t\t\t\t<h4 class=\"elementor-heading-title elementor-size-default\">V. EXHIBITION<br>30. 8. - 29. 9. 2024   <\/h4>\t\t\t\t<\/div>\n\t\t\t\t<\/div>\n\t\t\t\t<div class=\"elementor-element elementor-element-45f96e4 elementor-widget elementor-widget-text-editor\" data-id=\"45f96e4\" data-element_type=\"widget\" data-e-type=\"widget\" data-widget_type=\"text-editor.default\">\n\t\t\t\t<div class=\"elementor-widget-container\">\n\t\t\t\t\t\t\t\t\t<p><strong>A little retrospective<br \/><\/strong>Exhibition of paintings<br \/>Tihomir Lon\u010dar<\/p>\n\t\t\t\t\t\t\t\t<\/div>\n\t\t\t\t<\/div>\n\t\t\t\t\t<\/div>\n\t\t<\/div>\n\t\t\t\t\t<\/div>\n\t\t<\/section>\n\t\t\t\t<\/div>\n\t\t","protected":false},"excerpt":{"rendered":"<p>Exhibition at the City Museum of Novalja 6. 8. &#8211; 6. 9. 2024 Klara Badurina &#8211; Dudi\u0107GospojaExhibition Exhibition in Galerija Era I.EXHIBITION20. 5. &#8211; 7. 6. 2024 Drawings \u2013 Dominik Kunkerawith text by Anton \u0160ulji\u0107 Bo\u0161kinacA selection of images from the Gallery&#8217;s holdings II. EXHIBITION10. 6. &#8211; 5. 7. 2024 Dominik \u0160kuncaGraphics III. EXHIBITION10. 7. [&hellip;]<\/p>\n","protected":false},"author":2,"featured_media":3834,"comment_status":"closed","ping_status":"open","sticky":false,"template":"","format":"standard","meta":{"site-sidebar-layout":"default","site-content-layout":"","ast-site-content-layout":"narrow-width-container","site-content-style":"default","site-sidebar-style":"default","ast-global-header-display":"","ast-banner-title-visibility":"","ast-main-header-display":"","ast-hfb-above-header-display":"","ast-hfb-below-header-display":"","ast-hfb-mobile-header-display":"","site-post-title":"","ast-breadcrumbs-content":"","ast-featured-img":"disabled","footer-sml-layout":"","ast-disable-related-posts":"","theme-transparent-header-meta":"","adv-header-id-meta":"","stick-header-meta":"","header-above-stick-meta":"","header-main-stick-meta":"","header-below-stick-meta":"","astra-migrate-meta-layouts":"set","ast-page-background-enabled":"default","ast-page-background-meta":{"desktop":{"background-color":"","background-image":"","background-repeat":"repeat","background-position":"center center","background-size":"auto","background-attachment":"scroll","background-type":"","background-media":"","overlay-type":"","overlay-color":"","overlay-opacity":"","overlay-gradient":""},"tablet":{"background-color":"","background-image":"","background-repeat":"repeat","background-position":"center center","background-size":"auto","background-attachment":"scroll","background-type":"","background-media":"","overlay-type":"","overlay-color":"","overlay-opacity":"","overlay-gradient":""},"mobile":{"background-color":"","background-image":"","background-repeat":"repeat","background-position":"center center","background-size":"auto","background-attachment":"scroll","background-type":"","background-media":"","overlay-type":"","overlay-color":"","overlay-opacity":"","overlay-gradient":""}},"ast-content-background-meta":{"desktop":{"background-color":"var(--ast-global-color-5)","background-image":"","background-repeat":"repeat","background-position":"center center","background-size":"auto","background-attachment":"scroll","background-type":"","background-media":"","overlay-type":"","overlay-color":"","overlay-opacity":"","overlay-gradient":""},"tablet":{"background-color":"var(--ast-global-color-5)","background-image":"","background-repeat":"repeat","background-position":"center center","background-size":"auto","background-attachment":"scroll","background-type":"","background-media":"","overlay-type":"","overlay-color":"","overlay-opacity":"","overlay-gradient":""},"mobile":{"background-color":"var(--ast-global-color-5)","background-image":"","background-repeat":"repeat","background-position":"center center","background-size":"auto","background-attachment":"scroll","background-type":"","background-media":"","overlay-type":"","overlay-color":"","overlay-opacity":"","overlay-gradient":""}},"footnotes":""},"categories":[24,25],"tags":[],"class_list":["post-3851","post","type-post","status-publish","format-standard","has-post-thumbnail","hentry","category-2024-en","category-exhibitions"],"yoast_head":"<!-- This site is optimized with the Yoast SEO plugin v27.0 - https:\/\/yoast.com\/product\/yoast-seo-wordpress\/ -->\n<title>Exhibitions at the City Museum of Novalja and the Era Gallery, summer 2024. -<\/title>\n<meta name=\"robots\" content=\"index, follow, max-snippet:-1, max-image-preview:large, max-video-preview:-1\" \/>\n<link rel=\"canonical\" href=\"https:\/\/gradskimuzejnovalja.hr\/en\/exhibitions-at-the-city-museum-of-novalja-and-the-era-gallery-summer-2024\/\" \/>\n<meta property=\"og:locale\" content=\"en_US\" \/>\n<meta property=\"og:type\" content=\"article\" \/>\n<meta property=\"og:title\" content=\"Exhibitions at the City Museum of Novalja and the Era Gallery, summer 2024. -\" \/>\n<meta property=\"og:description\" content=\"Exhibition at the City Museum of Novalja 6. 8. &#8211; 6. 9. 2024 Klara Badurina &#8211; Dudi\u0107GospojaExhibition Exhibition in Galerija Era I.EXHIBITION20. 5. &#8211; 7. 6. 2024 Drawings \u2013 Dominik Kunkerawith text by Anton \u0160ulji\u0107 Bo\u0161kinacA selection of images from the Gallery&#8217;s holdings II. EXHIBITION10. 6. &#8211; 5. 7. 2024 Dominik \u0160kuncaGraphics III. EXHIBITION10. 7. [&hellip;]\" \/>\n<meta property=\"og:url\" content=\"https:\/\/gradskimuzejnovalja.hr\/en\/exhibitions-at-the-city-museum-of-novalja-and-the-era-gallery-summer-2024\/\" \/>\n<meta property=\"article:published_time\" content=\"2024-07-30T18:02:22+00:00\" \/>\n<meta property=\"article:modified_time\" content=\"2024-07-30T20:14:50+00:00\" \/>\n<meta property=\"og:image\" content=\"https:\/\/gradskimuzejnovalja.hr\/wp-content\/uploads\/2024\/07\/bad1.jpg\" \/>\n\t<meta property=\"og:image:width\" content=\"1600\" \/>\n\t<meta property=\"og:image:height\" content=\"906\" \/>\n\t<meta property=\"og:image:type\" content=\"image\/jpeg\" \/>\n<meta name=\"author\" content=\"Dubravko Vlahovi\u0107\" \/>\n<meta name=\"twitter:card\" content=\"summary_large_image\" \/>\n<meta name=\"twitter:label1\" content=\"Written by\" \/>\n\t<meta name=\"twitter:data1\" content=\"Dubravko Vlahovi\u0107\" \/>\n\t<meta name=\"twitter:label2\" content=\"Est. reading time\" \/>\n\t<meta name=\"twitter:data2\" content=\"2 minutes\" \/>\n<script type=\"application\/ld+json\" class=\"yoast-schema-graph\">{\"@context\":\"https:\/\/schema.org\",\"@graph\":[{\"@type\":\"Article\",\"@id\":\"https:\/\/gradskimuzejnovalja.hr\/en\/exhibitions-at-the-city-museum-of-novalja-and-the-era-gallery-summer-2024\/#article\",\"isPartOf\":{\"@id\":\"https:\/\/gradskimuzejnovalja.hr\/en\/exhibitions-at-the-city-museum-of-novalja-and-the-era-gallery-summer-2024\/\"},\"author\":{\"name\":\"Dubravko Vlahovi\u0107\",\"@id\":\"https:\/\/gradskimuzejnovalja.hr\/#\/schema\/person\/206cf6ff54878048b0871b888a9d2e8f\"},\"headline\":\"Exhibitions at the City Museum of Novalja and the Era Gallery, summer 2024.\",\"datePublished\":\"2024-07-30T18:02:22+00:00\",\"dateModified\":\"2024-07-30T20:14:50+00:00\",\"mainEntityOfPage\":{\"@id\":\"https:\/\/gradskimuzejnovalja.hr\/en\/exhibitions-at-the-city-museum-of-novalja-and-the-era-gallery-summer-2024\/\"},\"wordCount\":92,\"image\":{\"@id\":\"https:\/\/gradskimuzejnovalja.hr\/en\/exhibitions-at-the-city-museum-of-novalja-and-the-era-gallery-summer-2024\/#primaryimage\"},\"thumbnailUrl\":\"https:\/\/gradskimuzejnovalja.hr\/wp-content\/uploads\/2024\/07\/bad1.jpg\",\"articleSection\":[\"2024\",\"Exhibitions\"],\"inLanguage\":\"en-US\"},{\"@type\":\"WebPage\",\"@id\":\"https:\/\/gradskimuzejnovalja.hr\/en\/exhibitions-at-the-city-museum-of-novalja-and-the-era-gallery-summer-2024\/\",\"url\":\"https:\/\/gradskimuzejnovalja.hr\/en\/exhibitions-at-the-city-museum-of-novalja-and-the-era-gallery-summer-2024\/\",\"name\":\"Exhibitions at the City Museum of Novalja and the Era Gallery, summer 2024. -\",\"isPartOf\":{\"@id\":\"https:\/\/gradskimuzejnovalja.hr\/#website\"},\"primaryImageOfPage\":{\"@id\":\"https:\/\/gradskimuzejnovalja.hr\/en\/exhibitions-at-the-city-museum-of-novalja-and-the-era-gallery-summer-2024\/#primaryimage\"},\"image\":{\"@id\":\"https:\/\/gradskimuzejnovalja.hr\/en\/exhibitions-at-the-city-museum-of-novalja-and-the-era-gallery-summer-2024\/#primaryimage\"},\"thumbnailUrl\":\"https:\/\/gradskimuzejnovalja.hr\/wp-content\/uploads\/2024\/07\/bad1.jpg\",\"datePublished\":\"2024-07-30T18:02:22+00:00\",\"dateModified\":\"2024-07-30T20:14:50+00:00\",\"author\":{\"@id\":\"https:\/\/gradskimuzejnovalja.hr\/#\/schema\/person\/206cf6ff54878048b0871b888a9d2e8f\"},\"breadcrumb\":{\"@id\":\"https:\/\/gradskimuzejnovalja.hr\/en\/exhibitions-at-the-city-museum-of-novalja-and-the-era-gallery-summer-2024\/#breadcrumb\"},\"inLanguage\":\"en-US\",\"potentialAction\":[{\"@type\":\"ReadAction\",\"target\":[\"https:\/\/gradskimuzejnovalja.hr\/en\/exhibitions-at-the-city-museum-of-novalja-and-the-era-gallery-summer-2024\/\"]}]},{\"@type\":\"ImageObject\",\"inLanguage\":\"en-US\",\"@id\":\"https:\/\/gradskimuzejnovalja.hr\/en\/exhibitions-at-the-city-museum-of-novalja-and-the-era-gallery-summer-2024\/#primaryimage\",\"url\":\"https:\/\/gradskimuzejnovalja.hr\/wp-content\/uploads\/2024\/07\/bad1.jpg\",\"contentUrl\":\"https:\/\/gradskimuzejnovalja.hr\/wp-content\/uploads\/2024\/07\/bad1.jpg\",\"width\":1600,\"height\":906},{\"@type\":\"BreadcrumbList\",\"@id\":\"https:\/\/gradskimuzejnovalja.hr\/en\/exhibitions-at-the-city-museum-of-novalja-and-the-era-gallery-summer-2024\/#breadcrumb\",\"itemListElement\":[{\"@type\":\"ListItem\",\"position\":1,\"name\":\"Home\",\"item\":\"https:\/\/gradskimuzejnovalja.hr\/en\/home\/\"},{\"@type\":\"ListItem\",\"position\":2,\"name\":\"Exhibitions at the City Museum of Novalja and the Era Gallery, summer 2024.\"}]},{\"@type\":\"WebSite\",\"@id\":\"https:\/\/gradskimuzejnovalja.hr\/#website\",\"url\":\"https:\/\/gradskimuzejnovalja.hr\/\",\"name\":\"\",\"description\":\"Gradski muzej Novalja\",\"potentialAction\":[{\"@type\":\"SearchAction\",\"target\":{\"@type\":\"EntryPoint\",\"urlTemplate\":\"https:\/\/gradskimuzejnovalja.hr\/?s={search_term_string}\"},\"query-input\":{\"@type\":\"PropertyValueSpecification\",\"valueRequired\":true,\"valueName\":\"search_term_string\"}}],\"inLanguage\":\"en-US\"},{\"@type\":\"Person\",\"@id\":\"https:\/\/gradskimuzejnovalja.hr\/#\/schema\/person\/206cf6ff54878048b0871b888a9d2e8f\",\"name\":\"Dubravko Vlahovi\u0107\",\"image\":{\"@type\":\"ImageObject\",\"inLanguage\":\"en-US\",\"@id\":\"https:\/\/gradskimuzejnovalja.hr\/#\/schema\/person\/image\/\",\"url\":\"https:\/\/secure.gravatar.com\/avatar\/4346eabc476c339fbb4452f5de365b0ff0dd8e6c05958f6ee7a8e761606f707f?s=96&d=mm&r=g\",\"contentUrl\":\"https:\/\/secure.gravatar.com\/avatar\/4346eabc476c339fbb4452f5de365b0ff0dd8e6c05958f6ee7a8e761606f707f?s=96&d=mm&r=g\",\"caption\":\"Dubravko Vlahovi\u0107\"},\"url\":\"https:\/\/gradskimuzejnovalja.hr\/en\/author\/dubravko-muzej\/\"}]}<\/script>\n<!-- \/ Yoast SEO plugin. -->","yoast_head_json":{"title":"Exhibitions at the City Museum of Novalja and the Era Gallery, summer 2024. -","robots":{"index":"index","follow":"follow","max-snippet":"max-snippet:-1","max-image-preview":"max-image-preview:large","max-video-preview":"max-video-preview:-1"},"canonical":"https:\/\/gradskimuzejnovalja.hr\/en\/exhibitions-at-the-city-museum-of-novalja-and-the-era-gallery-summer-2024\/","og_locale":"en_US","og_type":"article","og_title":"Exhibitions at the City Museum of Novalja and the Era Gallery, summer 2024. -","og_description":"Exhibition at the City Museum of Novalja 6. 8. &#8211; 6. 9. 2024 Klara Badurina &#8211; Dudi\u0107GospojaExhibition Exhibition in Galerija Era I.EXHIBITION20. 5. &#8211; 7. 6. 2024 Drawings \u2013 Dominik Kunkerawith text by Anton \u0160ulji\u0107 Bo\u0161kinacA selection of images from the Gallery&#8217;s holdings II. EXHIBITION10. 6. &#8211; 5. 7. 2024 Dominik \u0160kuncaGraphics III. EXHIBITION10. 7. [&hellip;]","og_url":"https:\/\/gradskimuzejnovalja.hr\/en\/exhibitions-at-the-city-museum-of-novalja-and-the-era-gallery-summer-2024\/","article_published_time":"2024-07-30T18:02:22+00:00","article_modified_time":"2024-07-30T20:14:50+00:00","og_image":[{"width":1600,"height":906,"url":"https:\/\/gradskimuzejnovalja.hr\/wp-content\/uploads\/2024\/07\/bad1.jpg","type":"image\/jpeg"}],"author":"Dubravko Vlahovi\u0107","twitter_card":"summary_large_image","twitter_misc":{"Written by":"Dubravko Vlahovi\u0107","Est. reading time":"2 minutes"},"schema":{"@context":"https:\/\/schema.org","@graph":[{"@type":"Article","@id":"https:\/\/gradskimuzejnovalja.hr\/en\/exhibitions-at-the-city-museum-of-novalja-and-the-era-gallery-summer-2024\/#article","isPartOf":{"@id":"https:\/\/gradskimuzejnovalja.hr\/en\/exhibitions-at-the-city-museum-of-novalja-and-the-era-gallery-summer-2024\/"},"author":{"name":"Dubravko Vlahovi\u0107","@id":"https:\/\/gradskimuzejnovalja.hr\/#\/schema\/person\/206cf6ff54878048b0871b888a9d2e8f"},"headline":"Exhibitions at the City Museum of Novalja and the Era Gallery, summer 2024.","datePublished":"2024-07-30T18:02:22+00:00","dateModified":"2024-07-30T20:14:50+00:00","mainEntityOfPage":{"@id":"https:\/\/gradskimuzejnovalja.hr\/en\/exhibitions-at-the-city-museum-of-novalja-and-the-era-gallery-summer-2024\/"},"wordCount":92,"image":{"@id":"https:\/\/gradskimuzejnovalja.hr\/en\/exhibitions-at-the-city-museum-of-novalja-and-the-era-gallery-summer-2024\/#primaryimage"},"thumbnailUrl":"https:\/\/gradskimuzejnovalja.hr\/wp-content\/uploads\/2024\/07\/bad1.jpg","articleSection":["2024","Exhibitions"],"inLanguage":"en-US"},{"@type":"WebPage","@id":"https:\/\/gradskimuzejnovalja.hr\/en\/exhibitions-at-the-city-museum-of-novalja-and-the-era-gallery-summer-2024\/","url":"https:\/\/gradskimuzejnovalja.hr\/en\/exhibitions-at-the-city-museum-of-novalja-and-the-era-gallery-summer-2024\/","name":"Exhibitions at the City Museum of Novalja and the Era Gallery, summer 2024. -","isPartOf":{"@id":"https:\/\/gradskimuzejnovalja.hr\/#website"},"primaryImageOfPage":{"@id":"https:\/\/gradskimuzejnovalja.hr\/en\/exhibitions-at-the-city-museum-of-novalja-and-the-era-gallery-summer-2024\/#primaryimage"},"image":{"@id":"https:\/\/gradskimuzejnovalja.hr\/en\/exhibitions-at-the-city-museum-of-novalja-and-the-era-gallery-summer-2024\/#primaryimage"},"thumbnailUrl":"https:\/\/gradskimuzejnovalja.hr\/wp-content\/uploads\/2024\/07\/bad1.jpg","datePublished":"2024-07-30T18:02:22+00:00","dateModified":"2024-07-30T20:14:50+00:00","author":{"@id":"https:\/\/gradskimuzejnovalja.hr\/#\/schema\/person\/206cf6ff54878048b0871b888a9d2e8f"},"breadcrumb":{"@id":"https:\/\/gradskimuzejnovalja.hr\/en\/exhibitions-at-the-city-museum-of-novalja-and-the-era-gallery-summer-2024\/#breadcrumb"},"inLanguage":"en-US","potentialAction":[{"@type":"ReadAction","target":["https:\/\/gradskimuzejnovalja.hr\/en\/exhibitions-at-the-city-museum-of-novalja-and-the-era-gallery-summer-2024\/"]}]},{"@type":"ImageObject","inLanguage":"en-US","@id":"https:\/\/gradskimuzejnovalja.hr\/en\/exhibitions-at-the-city-museum-of-novalja-and-the-era-gallery-summer-2024\/#primaryimage","url":"https:\/\/gradskimuzejnovalja.hr\/wp-content\/uploads\/2024\/07\/bad1.jpg","contentUrl":"https:\/\/gradskimuzejnovalja.hr\/wp-content\/uploads\/2024\/07\/bad1.jpg","width":1600,"height":906},{"@type":"BreadcrumbList","@id":"https:\/\/gradskimuzejnovalja.hr\/en\/exhibitions-at-the-city-museum-of-novalja-and-the-era-gallery-summer-2024\/#breadcrumb","itemListElement":[{"@type":"ListItem","position":1,"name":"Home","item":"https:\/\/gradskimuzejnovalja.hr\/en\/home\/"},{"@type":"ListItem","position":2,"name":"Exhibitions at the City Museum of Novalja and the Era Gallery, summer 2024."}]},{"@type":"WebSite","@id":"https:\/\/gradskimuzejnovalja.hr\/#website","url":"https:\/\/gradskimuzejnovalja.hr\/","name":"","description":"Gradski muzej Novalja","potentialAction":[{"@type":"SearchAction","target":{"@type":"EntryPoint","urlTemplate":"https:\/\/gradskimuzejnovalja.hr\/?s={search_term_string}"},"query-input":{"@type":"PropertyValueSpecification","valueRequired":true,"valueName":"search_term_string"}}],"inLanguage":"en-US"},{"@type":"Person","@id":"https:\/\/gradskimuzejnovalja.hr\/#\/schema\/person\/206cf6ff54878048b0871b888a9d2e8f","name":"Dubravko Vlahovi\u0107","image":{"@type":"ImageObject","inLanguage":"en-US","@id":"https:\/\/gradskimuzejnovalja.hr\/#\/schema\/person\/image\/","url":"https:\/\/secure.gravatar.com\/avatar\/4346eabc476c339fbb4452f5de365b0ff0dd8e6c05958f6ee7a8e761606f707f?s=96&d=mm&r=g","contentUrl":"https:\/\/secure.gravatar.com\/avatar\/4346eabc476c339fbb4452f5de365b0ff0dd8e6c05958f6ee7a8e761606f707f?s=96&d=mm&r=g","caption":"Dubravko Vlahovi\u0107"},"url":"https:\/\/gradskimuzejnovalja.hr\/en\/author\/dubravko-muzej\/"}]}},"_links":{"self":[{"href":"https:\/\/gradskimuzejnovalja.hr\/en\/wp-json\/wp\/v2\/posts\/3851","targetHints":{"allow":["GET"]}}],"collection":[{"href":"https:\/\/gradskimuzejnovalja.hr\/en\/wp-json\/wp\/v2\/posts"}],"about":[{"href":"https:\/\/gradskimuzejnovalja.hr\/en\/wp-json\/wp\/v2\/types\/post"}],"author":[{"embeddable":true,"href":"https:\/\/gradskimuzejnovalja.hr\/en\/wp-json\/wp\/v2\/users\/2"}],"replies":[{"embeddable":true,"href":"https:\/\/gradskimuzejnovalja.hr\/en\/wp-json\/wp\/v2\/comments?post=3851"}],"version-history":[{"count":2,"href":"https:\/\/gradskimuzejnovalja.hr\/en\/wp-json\/wp\/v2\/posts\/3851\/revisions"}],"predecessor-version":[{"id":3862,"href":"https:\/\/gradskimuzejnovalja.hr\/en\/wp-json\/wp\/v2\/posts\/3851\/revisions\/3862"}],"wp:featuredmedia":[{"embeddable":true,"href":"https:\/\/gradskimuzejnovalja.hr\/en\/wp-json\/wp\/v2\/media\/3834"}],"wp:attachment":[{"href":"https:\/\/gradskimuzejnovalja.hr\/en\/wp-json\/wp\/v2\/media?parent=3851"}],"wp:term":[{"taxonomy":"category","embeddable":true,"href":"https:\/\/gradskimuzejnovalja.hr\/en\/wp-json\/wp\/v2\/categories?post=3851"},{"taxonomy":"post_tag","embeddable":true,"href":"https:\/\/gradskimuzejnovalja.hr\/en\/wp-json\/wp\/v2\/tags?post=3851"}],"curies":[{"name":"wp","href":"https:\/\/api.w.org\/{rel}","templated":true}]}}